
{"id":11099,"date":"2018-12-07T10:34:09","date_gmt":"2018-12-07T10:34:09","guid":{"rendered":"https:\/\/www.negribossi.com\/?p=11099"},"modified":"2019-09-25T14:15:55","modified_gmt":"2019-09-25T14:15:55","slug":"negri-bossi-a-interplastica-2019","status":"publish","type":"post","link":"https:\/\/www.negribossi.com\/it\/negri-bossi-a-interplastica-2019\/","title":{"rendered":"Negri Bossi a Interplastica 2019"},"content":{"rendered":"<p>Negri Bossi sar\u00e0 presente alla fiera Interplastica, primo evento dell\u2019anno 2019, che si svolger\u00e0 a Mosca dal 29 Gennaio al 1\u00b0 Febbraio prossimo, confermando con la sua partecipazione, l\u2019interesse nel mercato Russo.Presso la <u>HALL 21 STAND C 29<\/u> sar\u00e0 presentata per la prima volta a questo evento la macchina della nuova linea NOVA eT da 100 tonnellate con gruppo iniezione Euromap 490 corredata con il nuovo controllo Multi touch Tactum.La NOVA eT che fa parte della nuova piattaforma NOVA \u00e8 la macchina totalmente elettrica che si caratterizza per precisione efficienza e velocit\u00e0. La macchina \u00e8 stata progettata per garantire affidabilit\u00e0 e lunga durata. I maggiori benefit sono lo scorrimento della piastra mobile su pattini lineari lubrificati in automatico che garantisce totale pulizia dell\u2019area di lavoro, il risparmio energetico fino l\u201980% in confronto ai modelli di presse idrauliche e la possibilit\u00e0 di completa sovrapposizione dei movimenti che favorisce una riduzione del tempo ciclo.<\/p>\n<p>Anche il nuovo controllo user friendly \u00e8 estremamente innovativo con funzioni swipe and scroll e dalla gesture navigation veloce ed intuitiva.Durante l\u2019evento, la pressa stamper\u00e0 una vaschetta per gelato, in materiale Polipropilene dal peso di 25 gr con un tempo ciclo intorno ai 5 sec.Lo stampo \u00e8 di produzione dell\u2019azienda SCS srl Societ\u00e0 Costruzione Stampi che con pi\u00f9 di 30 anni di esperienza ha la sede nella zona di Ancona.A corredo della pressa sullo stand sar\u00e0 presente l\u2019automazione della societ\u00e0 sorella SYTRAMA che prevede un Robot S7.<\/p>\n","protected":false},"excerpt":{"rendered":"<p>Negri Bossi sar\u00e0 presente alla fiera Interplastica, primo evento dell\u2019anno 2019, che si svolger\u00e0 a Mosca dal 29 Gennaio al &hellip; <a href=\"https:\/\/www.negribossi.com\/it\/negri-bossi-a-interplastica-2019\/\" class=\"more-link\">Continua a leggere <span class=\"screen-reader-text\">Negri Bossi a Interplastica 2019<\/span> <span class=\"meta-nav\">\u2192<\/span><\/a><\/p>\n","protected":false},"author":42,"featured_media":0,"comment_status":"closed","ping_status":"closed","sticky":false,"template":"","format":"standard","meta":{"footnotes":""},"categories":[86],"tags":[],"class_list":["post-11099","post","type-post","status-publish","format-standard","hentry","category-news-2-it"],"yoast_head":"<!-- This site is optimized with the Yoast SEO plugin v20.1 - https:\/\/yoast.com\/wordpress\/plugins\/seo\/ -->\n<title>Negri Bossi a Interplastica 2019 | Negri Bossi<\/title>\n<meta name=\"description\" content=\"Negri Bossi sar\u00e0 presente alla fiera Interplastica, primo evento dell\u2019anno 2019, che si svolger\u00e0 a Mosca dal 29 Gennaio al 1\u00b0 Febbraio prossimo, confermando con la sua partecipazione, l\u2019interesse nel mercato Russo.\" \/>\n<meta name=\"robots\" content=\"index, follow, max-snippet:-1, max-image-preview:large, max-video-preview:-1\" \/>\n<link rel=\"canonical\" href=\"https:\/\/www.negribossi.com\/it\/negri-bossi-a-interplastica-2019\/\" \/>\n<meta property=\"og:locale\" content=\"it_IT\" \/>\n<meta property=\"og:type\" content=\"article\" \/>\n<meta property=\"og:title\" content=\"Negri Bossi a Interplastica 2019 | Negri Bossi\" \/>\n<meta property=\"og:description\" content=\"Negri Bossi sar\u00e0 presente alla fiera Interplastica, primo evento dell\u2019anno 2019, che si svolger\u00e0 a Mosca dal 29 Gennaio al 1\u00b0 Febbraio prossimo, confermando con la sua partecipazione, l\u2019interesse nel mercato Russo.\" \/>\n<meta property=\"og:url\" content=\"https:\/\/www.negribossi.com\/it\/negri-bossi-a-interplastica-2019\/\" \/>\n<meta property=\"og:site_name\" content=\"Negri Bossi\" \/>\n<meta property=\"article:publisher\" content=\"https:\/\/www.facebook.com\/NegriBossiGroup\/\" \/>\n<meta property=\"article:published_time\" content=\"2018-12-07T10:34:09+00:00\" \/>\n<meta property=\"article:modified_time\" content=\"2019-09-25T14:15:55+00:00\" \/>\n<meta name=\"author\" content=\"Carl Futcher\" \/>\n<meta name=\"twitter:card\" content=\"summary_large_image\" \/>\n<meta name=\"twitter:creator\" content=\"@negribossigroup\" \/>\n<meta name=\"twitter:site\" content=\"@negribossigroup\" \/>\n<meta name=\"twitter:label1\" content=\"Written by\" \/>\n\t<meta name=\"twitter:data1\" content=\"Carl Futcher\" \/>\n\t<meta name=\"twitter:label2\" content=\"Est. reading time\" \/>\n\t<meta name=\"twitter:data2\" content=\"1 minuto\" \/>\n<!-- \/ Yoast SEO plugin. -->","yoast_head_json":{"title":"Negri Bossi a Interplastica 2019 | Negri Bossi","description":"Negri Bossi sar\u00e0 presente alla fiera Interplastica, primo evento dell\u2019anno 2019, che si svolger\u00e0 a Mosca dal 29 Gennaio al 1\u00b0 Febbraio prossimo, confermando con la sua partecipazione, l\u2019interesse nel mercato Russo.","robots":{"index":"index","follow":"follow","max-snippet":"max-snippet:-1","max-image-preview":"max-image-preview:large","max-video-preview":"max-video-preview:-1"},"canonical":"https:\/\/www.negribossi.com\/it\/negri-bossi-a-interplastica-2019\/","og_locale":"it_IT","og_type":"article","og_title":"Negri Bossi a Interplastica 2019 | Negri Bossi","og_description":"Negri Bossi sar\u00e0 presente alla fiera Interplastica, primo evento dell\u2019anno 2019, che si svolger\u00e0 a Mosca dal 29 Gennaio al 1\u00b0 Febbraio prossimo, confermando con la sua partecipazione, l\u2019interesse nel mercato Russo.","og_url":"https:\/\/www.negribossi.com\/it\/negri-bossi-a-interplastica-2019\/","og_site_name":"Negri Bossi","article_publisher":"https:\/\/www.facebook.com\/NegriBossiGroup\/","article_published_time":"2018-12-07T10:34:09+00:00","article_modified_time":"2019-09-25T14:15:55+00:00","author":"Carl Futcher","twitter_card":"summary_large_image","twitter_creator":"@negribossigroup","twitter_site":"@negribossigroup","twitter_misc":{"Written by":"Carl Futcher","Est. reading time":"1 minuto"},"schema":{"@context":"https:\/\/schema.org","@graph":[{"@type":"Article","@id":"https:\/\/www.negribossi.com\/it\/negri-bossi-a-interplastica-2019\/#article","isPartOf":{"@id":"https:\/\/www.negribossi.com\/it\/negri-bossi-a-interplastica-2019\/"},"author":{"name":"Carl Futcher","@id":"https:\/\/www.negribossi.com\/#\/schema\/person\/49adfc495756ca26fd8b6fa91d2b6ded"},"headline":"Negri Bossi a Interplastica 2019","datePublished":"2018-12-07T10:34:09+00:00","dateModified":"2019-09-25T14:15:55+00:00","mainEntityOfPage":{"@id":"https:\/\/www.negribossi.com\/it\/negri-bossi-a-interplastica-2019\/"},"wordCount":240,"publisher":{"@id":"https:\/\/www.negribossi.com\/#organization"},"articleSection":["NEWS &amp; EVENTI"],"inLanguage":"it-IT"},{"@type":"WebPage","@id":"https:\/\/www.negribossi.com\/it\/negri-bossi-a-interplastica-2019\/","url":"https:\/\/www.negribossi.com\/it\/negri-bossi-a-interplastica-2019\/","name":"Negri Bossi a Interplastica 2019 | Negri Bossi","isPartOf":{"@id":"https:\/\/www.negribossi.com\/#website"},"datePublished":"2018-12-07T10:34:09+00:00","dateModified":"2019-09-25T14:15:55+00:00","description":"Negri Bossi sar\u00e0 presente alla fiera Interplastica, primo evento dell\u2019anno 2019, che si svolger\u00e0 a Mosca dal 29 Gennaio al 1\u00b0 Febbraio prossimo, confermando con la sua partecipazione, l\u2019interesse nel mercato Russo.","breadcrumb":{"@id":"https:\/\/www.negribossi.com\/it\/negri-bossi-a-interplastica-2019\/#breadcrumb"},"inLanguage":"it-IT","potentialAction":[{"@type":"ReadAction","target":["https:\/\/www.negribossi.com\/it\/negri-bossi-a-interplastica-2019\/"]}]},{"@type":"BreadcrumbList","@id":"https:\/\/www.negribossi.com\/it\/negri-bossi-a-interplastica-2019\/#breadcrumb","itemListElement":[{"@type":"ListItem","position":1,"name":"Home","item":"https:\/\/www.negribossi.com\/it\/"},{"@type":"ListItem","position":2,"name":"Negri Bossi a Interplastica 2019"}]},{"@type":"WebSite","@id":"https:\/\/www.negribossi.com\/#website","url":"https:\/\/www.negribossi.com\/","name":"Negri Bossi","description":"","publisher":{"@id":"https:\/\/www.negribossi.com\/#organization"},"potentialAction":[{"@type":"SearchAction","target":{"@type":"EntryPoint","urlTemplate":"https:\/\/www.negribossi.com\/?s={search_term_string}"},"query-input":"required name=search_term_string"}],"inLanguage":"it-IT"},{"@type":"Organization","@id":"https:\/\/www.negribossi.com\/#organization","name":"Negri Bossi","url":"https:\/\/www.negribossi.com\/","logo":{"@type":"ImageObject","inLanguage":"it-IT","@id":"https:\/\/www.negribossi.com\/#\/schema\/logo\/image\/","url":"https:\/\/www.negribossi.com\/wp-content\/uploads\/logo-negribossi-new.jpg","contentUrl":"https:\/\/www.negribossi.com\/wp-content\/uploads\/logo-negribossi-new.jpg","width":502,"height":96,"caption":"Negri Bossi"},"image":{"@id":"https:\/\/www.negribossi.com\/#\/schema\/logo\/image\/"},"sameAs":["https:\/\/www.facebook.com\/NegriBossiGroup\/","https:\/\/twitter.com\/negribossigroup","https:\/\/www.linkedin.com\/company\/negri-bossi-s.p.a.","https:\/\/www.youtube.com\/c\/NegriBossiGroup"]},{"@type":"Person","@id":"https:\/\/www.negribossi.com\/#\/schema\/person\/49adfc495756ca26fd8b6fa91d2b6ded","name":"Carl Futcher","image":{"@type":"ImageObject","inLanguage":"it-IT","@id":"https:\/\/www.negribossi.com\/#\/schema\/person\/image\/","url":"https:\/\/secure.gravatar.com\/avatar\/d72e6b24b3d2e3229a3af0c44ec802cbf53ba2f1ec70ee288049dde41be79ef8?s=96&d=mm&r=g","contentUrl":"https:\/\/secure.gravatar.com\/avatar\/d72e6b24b3d2e3229a3af0c44ec802cbf53ba2f1ec70ee288049dde41be79ef8?s=96&d=mm&r=g","caption":"Carl Futcher"},"url":"https:\/\/www.negribossi.com\/it\/author\/carlfutcher\/"}]}},"_links":{"self":[{"href":"https:\/\/www.negribossi.com\/it\/wp-json\/wp\/v2\/posts\/11099\/"}],"collection":[{"href":"https:\/\/www.negribossi.com\/it\/wp-json\/wp\/v2\/posts\/"}],"about":[{"href":"https:\/\/www.negribossi.com\/it\/wp-json\/wp\/v2\/types\/post\/"}],"author":[{"embeddable":true,"href":"https:\/\/www.negribossi.com\/it\/wp-json\/wp\/v2\/users\/42\/"}],"replies":[{"embeddable":true,"href":"https:\/\/www.negribossi.com\/it\/wp-json\/wp\/v2\/comments\/?post=11099"}],"version-history":[{"count":0,"href":"https:\/\/www.negribossi.com\/it\/wp-json\/wp\/v2\/posts\/11099\/revisions\/"}],"wp:attachment":[{"href":"https:\/\/www.negribossi.com\/it\/wp-json\/wp\/v2\/media\/?parent=11099"}],"wp:term":[{"taxonomy":"category","embeddable":true,"href":"https:\/\/www.negribossi.com\/it\/wp-json\/wp\/v2\/categories\/?post=11099"},{"taxonomy":"post_tag","embeddable":true,"href":"https:\/\/www.negribossi.com\/it\/wp-json\/wp\/v2\/tags\/?post=11099"}],"curies":[{"name":"wp","href":"https:\/\/api.w.org\/{rel}","templated":true}]}}